{"id":79329,"date":"2026-09-04T09:00:00","date_gmt":"2026-09-04T15:00:00","guid":{"rendered":"https:\/\/grupolibera.mx\/noticiasyrecursos\/?p=79329"},"modified":"2026-08-13T12:38:17","modified_gmt":"2026-08-13T18:38:17","slug":"ruta-valladolid-coba-tulum","status":"publish","type":"post","link":"https:\/\/grupolibera.mx\/noticiasyrecursos\/ruta-valladolid-coba-tulum\/","title":{"rendered":"Ruta Valladolid-Cob\u00e1-Tulum: patrimonio maya, naturaleza y turismo biocultural\u00a0"},"content":{"rendered":"\n<p class=\"wp-block-paragraph\">Viajar por la Ruta Valladolid-Cob\u00e1-Tulum es mucho m\u00e1s que trasladarse entre una ciudad colonial, una zona arqueol\u00f3gica y una playa famosa. Ese trayecto, que a simple vista podr\u00eda parecer otro camino tur\u00edstico del sureste mexicano, cruza una franja donde conviven selva, cenotes, lagunas, saberes mayas, gastronom\u00eda regional, arquitectura ancestral, comunidades rurales y nuevas formas de entender el bienestar.&nbsp;<\/p>\n\n\n\n<p class=\"wp-block-paragraph\">Y aqu\u00ed viene la parte interesante, porque la humanidad hizo algo \u00fatil entre tanta ocurrencia: aprendi\u00f3 que viajar tambi\u00e9n puede servir para mirar mejor el territorio. Esta ruta permite observar c\u00f3mo el turismo est\u00e1 cambiando. Cada vez m\u00e1s personas buscan experiencias con sentido, contacto con la naturaleza, historia viva y espacios que ayuden a comprender el entorno, en vez de limitarse a pasar por los lugares como quien colecciona estampitas para Instagram.&nbsp;<\/p>\n\n\n\n<h5 class=\"wp-block-heading\"><strong>\u00bfQu\u00e9 es la Ruta Valladolid-Cob\u00e1-Tulum?<\/strong>&nbsp;<\/h5>\n\n\n\n<figure class=\"wp-block-gallery has-nested-images columns-default is-cropped wp-block-gallery-1 is-layout-flex wp-block-gallery-is-layout-flex\">\n<figure class=\"wp-block-image size-large\"><img fetchpriority=\"high\" decoding=\"async\" width=\"1024\" height=\"683\" data-id=\"79335\" src=\"https:\/\/grupolibera.mx\/noticiasyrecursos\/wp-content\/uploads\/2026\/07\/pexels-maria-regina-diaz-295717408-19655647-1024x683.jpg\" alt=\"\" class=\"wp-image-79335\" srcset=\"https:\/\/grupolibera.mx\/noticiasyrecursos\/wp-content\/uploads\/2026\/07\/pexels-maria-regina-diaz-295717408-19655647-1024x683.jpg 1024w, https:\/\/grupolibera.mx\/noticiasyrecursos\/wp-content\/uploads\/2026\/07\/pexels-maria-regina-diaz-295717408-19655647-300x200.jpg 300w, https:\/\/grupolibera.mx\/noticiasyrecursos\/wp-content\/uploads\/2026\/07\/pexels-maria-regina-diaz-295717408-19655647-768x512.jpg 768w, https:\/\/grupolibera.mx\/noticiasyrecursos\/wp-content\/uploads\/2026\/07\/pexels-maria-regina-diaz-295717408-19655647-1536x1024.jpg 1536w, https:\/\/grupolibera.mx\/noticiasyrecursos\/wp-content\/uploads\/2026\/07\/pexels-maria-regina-diaz-295717408-19655647-2048x1365.jpg 2048w, https:\/\/grupolibera.mx\/noticiasyrecursos\/wp-content\/uploads\/2026\/07\/pexels-maria-regina-diaz-295717408-19655647-200x133.jpg 200w, https:\/\/grupolibera.mx\/noticiasyrecursos\/wp-content\/uploads\/2026\/07\/pexels-maria-regina-diaz-295717408-19655647-1568x1045.jpg 1568w\" sizes=\"(max-width: 1024px) 100vw, 1024px\" \/><\/figure>\n\n\n\n<figure class=\"wp-block-image size-large\"><img decoding=\"async\" width=\"1024\" height=\"683\" data-id=\"79333\" src=\"https:\/\/grupolibera.mx\/noticiasyrecursos\/wp-content\/uploads\/2026\/07\/pexels-ibrahim-can-duran-562239220-31456577-1024x683.jpg\" alt=\"Ruta Valladolid-Cob\u00e1-Tulum\" class=\"wp-image-79333\" srcset=\"https:\/\/grupolibera.mx\/noticiasyrecursos\/wp-content\/uploads\/2026\/07\/pexels-ibrahim-can-duran-562239220-31456577-1024x683.jpg 1024w, https:\/\/grupolibera.mx\/noticiasyrecursos\/wp-content\/uploads\/2026\/07\/pexels-ibrahim-can-duran-562239220-31456577-300x200.jpg 300w, https:\/\/grupolibera.mx\/noticiasyrecursos\/wp-content\/uploads\/2026\/07\/pexels-ibrahim-can-duran-562239220-31456577-768x512.jpg 768w, https:\/\/grupolibera.mx\/noticiasyrecursos\/wp-content\/uploads\/2026\/07\/pexels-ibrahim-can-duran-562239220-31456577-1536x1024.jpg 1536w, https:\/\/grupolibera.mx\/noticiasyrecursos\/wp-content\/uploads\/2026\/07\/pexels-ibrahim-can-duran-562239220-31456577-2048x1365.jpg 2048w, https:\/\/grupolibera.mx\/noticiasyrecursos\/wp-content\/uploads\/2026\/07\/pexels-ibrahim-can-duran-562239220-31456577-200x133.jpg 200w, https:\/\/grupolibera.mx\/noticiasyrecursos\/wp-content\/uploads\/2026\/07\/pexels-ibrahim-can-duran-562239220-31456577-1568x1045.jpg 1568w, https:\/\/grupolibera.mx\/noticiasyrecursos\/wp-content\/uploads\/2026\/07\/pexels-ibrahim-can-duran-562239220-31456577-600x400.jpg 600w\" sizes=\"(max-width: 1024px) 100vw, 1024px\" \/><\/figure>\n<\/figure>\n\n\n\n<p class=\"wp-block-paragraph\">La Ruta Valladolid-Cob\u00e1-Tulum es un corredor biocultural que conecta el oriente de Yucat\u00e1n con la zona centro y costera de Quintana Roo. Su valor est\u00e1 en la mezcla de patrimonio arqueol\u00f3gico, ecosistemas de selva, cuerpos de agua dulce, comunidades mayas y destinos tur\u00edsticos que han ganado relevancia regional.&nbsp;<\/p>\n\n\n\n<p class=\"wp-block-paragraph\">Valladolid funciona como una puerta hacia la historia colonial y gastron\u00f3mica de Yucat\u00e1n. Cob\u00e1 representa una de las grandes ciudades mayas del periodo Cl\u00e1sico, escondida parcialmente bajo la selva. Tulum, por su parte, conecta el legado maya con el Caribe y con ecosistemas costeros como manglares, arrecifes y humedales.&nbsp;<\/p>\n\n\n\n<p class=\"wp-block-paragraph\">Esta ruta tambi\u00e9n permite entender el concepto de turismo biocultural: una forma de viajar que reconoce que la cultura, la naturaleza y las comunidades forman parte de un mismo sistema. Dicho de forma menos acad\u00e9mica: el paisaje cuenta historias, las comunidades las sostienen y el visitante tiene la delicada tarea de escuchar antes de arrasar con su itinerario como si fuera una competencia ol\u00edmpica.&nbsp;<\/p>\n\n\n\n<h5 class=\"wp-block-heading\"><strong>Valladolid: historia, gastronom\u00eda y vida cotidiana yucateca<\/strong>&nbsp;<\/h5>\n\n\n\n<figure class=\"wp-block-image size-large is-resized\"><img decoding=\"async\" width=\"1024\" height=\"683\" src=\"https:\/\/grupolibera.mx\/noticiasyrecursos\/wp-content\/uploads\/2026\/07\/pexels-moises-caro-photographer-296475578-15056262-1024x683.jpg\" alt=\"Ruta Valladolid-Cob\u00e1-Tulum\" class=\"wp-image-79331\" style=\"width:935px;height:auto\" srcset=\"https:\/\/grupolibera.mx\/noticiasyrecursos\/wp-content\/uploads\/2026\/07\/pexels-moises-caro-photographer-296475578-15056262-1024x683.jpg 1024w, https:\/\/grupolibera.mx\/noticiasyrecursos\/wp-content\/uploads\/2026\/07\/pexels-moises-caro-photographer-296475578-15056262-300x200.jpg 300w, https:\/\/grupolibera.mx\/noticiasyrecursos\/wp-content\/uploads\/2026\/07\/pexels-moises-caro-photographer-296475578-15056262-768x512.jpg 768w, https:\/\/grupolibera.mx\/noticiasyrecursos\/wp-content\/uploads\/2026\/07\/pexels-moises-caro-photographer-296475578-15056262-1536x1024.jpg 1536w, https:\/\/grupolibera.mx\/noticiasyrecursos\/wp-content\/uploads\/2026\/07\/pexels-moises-caro-photographer-296475578-15056262-2048x1366.jpg 2048w, https:\/\/grupolibera.mx\/noticiasyrecursos\/wp-content\/uploads\/2026\/07\/pexels-moises-caro-photographer-296475578-15056262-200x133.jpg 200w, https:\/\/grupolibera.mx\/noticiasyrecursos\/wp-content\/uploads\/2026\/07\/pexels-moises-caro-photographer-296475578-15056262-1568x1045.jpg 1568w, https:\/\/grupolibera.mx\/noticiasyrecursos\/wp-content\/uploads\/2026\/07\/pexels-moises-caro-photographer-296475578-15056262-600x400.jpg 600w\" sizes=\"(max-width: 1024px) 100vw, 1024px\" \/><\/figure>\n\n\n\n<p class=\"wp-block-paragraph\">Valladolid es una de las ciudades m\u00e1s importantes del oriente de Yucat\u00e1n. Su centro hist\u00f3rico, sus casonas, sus iglesias, sus cenotes urbanos y su cocina la convierten en un punto clave para iniciar la ruta.&nbsp;<\/p>\n\n\n\n<p class=\"wp-block-paragraph\">La gastronom\u00eda vallisoletana destaca por conservar recetas regionales vinculadas al ma\u00edz, la pepita de calabaza, el chile xkatik, la chaya, el achiote y la naranja agria. Platillos como los lomitos de Valladolid, el poc chuc, la sopa de lima, los panuchos y los salbutes forman parte de una identidad culinaria que sigue viva en restaurantes tradicionales, mercados y cocinas familiares.&nbsp;<\/p>\n\n\n\n<p class=\"wp-block-paragraph\">Tambi\u00e9n hay una lectura territorial importante: Valladolid se ha consolidado como una ciudad de paso, estancia y exploraci\u00f3n. Su ubicaci\u00f3n permite conectar con Ek Balam, cenotes cercanos, aldeas mayas y rutas hacia Cob\u00e1 o Tulum. Para quien busca entender el sureste mexicano con m\u00e1s profundidad, Valladolid ofrece una pausa necesaria antes de entrar a la selva.&nbsp;<\/p>\n\n\n\n<h5 class=\"wp-block-heading\"><strong>Cob\u00e1: una ciudad maya bajo el dosel de la selva<\/strong>&nbsp;<\/h5>\n\n\n\n<p class=\"wp-block-paragraph\">Cob\u00e1 es una de las zonas arqueol\u00f3gicas m\u00e1s fascinantes del mundo maya. A diferencia de otros sitios donde las estructuras aparecen completamente despejadas, en Cob\u00e1 gran parte del asentamiento permanece integrada al paisaje selv\u00e1tico. Esa caracter\u00edstica cambia por completo la experiencia: caminar o pedalear por sus caminos internos permite sentir la escala de una antigua ciudad conectada por sacbeob, los caminos blancos mayas.&nbsp;<\/p>\n\n\n\n<p class=\"wp-block-paragraph\">Uno de los elementos m\u00e1s importantes de Cob\u00e1 es su relaci\u00f3n con el agua. La ciudad se desarroll\u00f3 alrededor de lagunas naturales, algo especialmente relevante en una pen\u00ednsula marcada por sistemas k\u00e1rsticos, r\u00edos subterr\u00e1neos y cenotes. Su nombre suele relacionarse con la idea de \u201cagua agitada por el viento\u201d, una imagen bastante precisa para un sitio donde el agua, la selva y la arquitectura conviven de manera inseparable.&nbsp;<\/p>\n\n\n\n<p class=\"wp-block-paragraph\">Entre sus estructuras m\u00e1s conocidas se encuentra Nohoch Mul, una de las edificaciones m\u00e1s altas de la planicie yucateca. Tambi\u00e9n destacan sus juegos de pelota, estelas, conjuntos residenciales y caminos que revelan la complejidad pol\u00edtica y comercial de esta antigua metr\u00f3poli.&nbsp;<\/p>\n\n\n\n<h5 class=\"wp-block-heading\"><strong>Tulum y Muyil: patrimonio frente al Caribe y canales mayas<\/strong>&nbsp;<\/h5>\n\n\n\n<p class=\"wp-block-paragraph\">Tulum, antiguamente conocido como Zam\u00e1, fue una ciudad amurallada frente al Mar Caribe. Su ubicaci\u00f3n sobre acantilados la convirti\u00f3 en un punto estrat\u00e9gico para el comercio mar\u00edtimo maya. Edificaciones como El Castillo y el Templo de los Frescos muestran la importancia de la observaci\u00f3n, la orientaci\u00f3n costera y la vida ceremonial.&nbsp;<\/p>\n\n\n\n<p class=\"wp-block-paragraph\">Muyil, ubicado al sur de Tulum, ofrece otra lectura del territorio. Este sitio arqueol\u00f3gico se conecta con lagunas y canales que formaron parte de antiguas rutas comerciales. Hoy, su cercan\u00eda con Sian Ka\u2019an permite combinar patrimonio arqueol\u00f3gico con recorridos por humedales, manglares y cuerpos de agua donde la naturaleza sigue marcando el ritmo.&nbsp;<\/p>\n\n\n\n<p class=\"wp-block-paragraph\">Esta zona ayuda a comprender que el mundo maya estuvo profundamente vinculado con la movilidad. Sus ciudades, caminos, canales y puertos formaban redes complejas de intercambio. Bastante m\u00e1s organizadas que muchas agendas modernas, dicho sea con cari\u00f1o y una pizca de preocupaci\u00f3n.&nbsp;<\/p>\n\n\n\n<h5 class=\"wp-block-heading\"><strong>Selva, aviturismo y conservaci\u00f3n comunitaria<\/strong>&nbsp;<\/h5>\n\n\n\n<p class=\"wp-block-paragraph\">La Ruta Valladolid-Cob\u00e1-Tulum atraviesa ecosistemas de enorme valor ambiental. En zonas como Punta Laguna y Nuevo Durango, el turismo de naturaleza se ha convertido en una herramienta para fortalecer la conservaci\u00f3n comunitaria.&nbsp;<\/p>\n\n\n\n<p class=\"wp-block-paragraph\">Punta Laguna es conocida por la presencia de mono ara\u00f1a, mono aullador y una amplia diversidad de aves. Para quienes practican aviturismo, esta zona ofrece la oportunidad de observar tucanes, momotos, loros, trogones y especies asociadas a la selva peninsular.&nbsp;<\/p>\n\n\n\n<p class=\"wp-block-paragraph\">Nuevo Durango, por su parte, muestra c\u00f3mo las comunidades pueden participar en proyectos de cuidado de fauna, senderismo, educaci\u00f3n ambiental y turismo rural. Estas experiencias permiten que el visitante entienda la selva como un ecosistema vivo, fr\u00e1gil y lleno de relaciones. La selva, aunque parezca quieta, tiene m\u00e1s conversaciones ocurriendo al mismo tiempo que cualquier grupo de WhatsApp familiar.&nbsp;<\/p>\n\n\n\n<h5 class=\"wp-block-heading\"><strong>Meliponicultura maya: la abeja sagrada y el equilibrio del ecosistema<\/strong>&nbsp;<\/h5>\n\n\n\n<figure class=\"wp-block-image size-large is-resized\"><img loading=\"lazy\" decoding=\"async\" width=\"1024\" height=\"683\" src=\"https:\/\/grupolibera.mx\/noticiasyrecursos\/wp-content\/uploads\/2026\/07\/9EF7D130-9C87-4C3D-9367-C980CAB655C7-1024x683.jpg\" alt=\"Ruta Valladolid-Cob\u00e1-Tulum\" class=\"wp-image-79332\" style=\"width:940px;height:auto\" srcset=\"https:\/\/grupolibera.mx\/noticiasyrecursos\/wp-content\/uploads\/2026\/07\/9EF7D130-9C87-4C3D-9367-C980CAB655C7-1024x683.jpg 1024w, https:\/\/grupolibera.mx\/noticiasyrecursos\/wp-content\/uploads\/2026\/07\/9EF7D130-9C87-4C3D-9367-C980CAB655C7-300x200.jpg 300w, https:\/\/grupolibera.mx\/noticiasyrecursos\/wp-content\/uploads\/2026\/07\/9EF7D130-9C87-4C3D-9367-C980CAB655C7-768x512.jpg 768w, https:\/\/grupolibera.mx\/noticiasyrecursos\/wp-content\/uploads\/2026\/07\/9EF7D130-9C87-4C3D-9367-C980CAB655C7-1536x1024.jpg 1536w, https:\/\/grupolibera.mx\/noticiasyrecursos\/wp-content\/uploads\/2026\/07\/9EF7D130-9C87-4C3D-9367-C980CAB655C7-2048x1365.jpg 2048w, https:\/\/grupolibera.mx\/noticiasyrecursos\/wp-content\/uploads\/2026\/07\/9EF7D130-9C87-4C3D-9367-C980CAB655C7-200x133.jpg 200w, https:\/\/grupolibera.mx\/noticiasyrecursos\/wp-content\/uploads\/2026\/07\/9EF7D130-9C87-4C3D-9367-C980CAB655C7-1568x1045.jpg 1568w, https:\/\/grupolibera.mx\/noticiasyrecursos\/wp-content\/uploads\/2026\/07\/9EF7D130-9C87-4C3D-9367-C980CAB655C7-600x400.jpg 600w\" sizes=\"(max-width: 1024px) 100vw, 1024px\" \/><\/figure>\n\n\n\n<p class=\"wp-block-paragraph\">La meliponicultura es una de las pr\u00e1cticas m\u00e1s importantes de la cultura maya peninsular. Se centra en la crianza de la Melipona beecheii, conocida como Xun\u00e1an Kaab, una abeja nativa sin aguij\u00f3n. Su miel ha sido valorada por sus usos ceremoniales, alimentarios y medicinales.&nbsp;<\/p>\n\n\n\n<p class=\"wp-block-paragraph\">M\u00e1s all\u00e1 de su valor cultural, la melipona cumple una funci\u00f3n ecol\u00f3gica esencial: participa en la polinizaci\u00f3n de plantas de la selva y contribuye al equilibrio de los ecosistemas locales. Por eso, visitar meliponarios o centros educativos dedicados a esta especie ayuda a comprender la relaci\u00f3n entre biodiversidad, alimentaci\u00f3n, medicina tradicional y patrimonio vivo.&nbsp;<\/p>\n\n\n\n<p class=\"wp-block-paragraph\">En Valladolid existen espacios dedicados a compartir este conocimiento con visitantes, donde se explica el papel de las abejas nativas, las plantas nectar\u00edferas y las pr\u00e1cticas tradicionales asociadas a la miel.&nbsp;<\/p>\n\n\n\n<h5 class=\"wp-block-heading\"><strong>Arqueoastronom\u00eda y cielo maya<\/strong>&nbsp;<\/h5>\n\n\n\n<p class=\"wp-block-paragraph\">La arqueoastronom\u00eda maya estudia la relaci\u00f3n entre las construcciones antiguas y los fen\u00f3menos celestes. Para los mayas, observar el cielo era una forma de ordenar el tiempo, planear ciclos agr\u00edcolas, establecer calendarios y sostener pr\u00e1cticas ceremoniales.&nbsp;<\/p>\n\n\n\n<p class=\"wp-block-paragraph\">En la regi\u00f3n existen experiencias vinculadas al astroturismo, especialmente en zonas alejadas de la contaminaci\u00f3n lum\u00ednica de la costa. La observaci\u00f3n de estrellas, acompa\u00f1ada de relatos sobre la cosmovisi\u00f3n maya, permite conectar el cielo con la arquitectura, los calendarios y la memoria del territorio.&nbsp;<\/p>\n\n\n\n<p class=\"wp-block-paragraph\">Este tipo de turismo invita a bajar la velocidad. Mirar el cielo exige paciencia, esa cosa tan escasa en una \u00e9poca donde hasta el silencio parece cargar prisa.&nbsp;<\/p>\n\n\n\n<h5 class=\"wp-block-heading\"><strong>Medicina tradicional maya y bienestar territorial<\/strong>&nbsp;<\/h5>\n\n\n\n<p class=\"wp-block-paragraph\">La medicina tradicional maya parte de una visi\u00f3n integral del cuerpo, el entorno y la comunidad. En ella participan saberes de herbolaria, parter\u00eda, masajes tradicionales, rituales de equilibrio y conocimiento profundo de las plantas.&nbsp;<\/p>\n\n\n\n<p class=\"wp-block-paragraph\">El temazcal, por ejemplo, es una pr\u00e1ctica de vapor ritual asociada a limpieza f\u00edsica, descanso y renovaci\u00f3n simb\u00f3lica. Tambi\u00e9n existen figuras como hueseros, sobadores, yerberos, parteras y gu\u00edas ceremoniales, cuyo conocimiento se ha transmitido de generaci\u00f3n en generaci\u00f3n.&nbsp;<\/p>\n\n\n\n<p class=\"wp-block-paragraph\">Al hablar de estas pr\u00e1cticas conviene hacerlo con respeto y criterio. Su valor cultural es enorme, pero cualquier tema relacionado con salud debe abordarse con responsabilidad y acompa\u00f1amiento profesional cuando se trate de padecimientos f\u00edsicos o emocionales.&nbsp;<\/p>\n\n\n\n<h5 class=\"wp-block-heading\"><strong>Gastronom\u00eda, arquitectura y estilo de vida en el corredor<\/strong>&nbsp;<\/h5>\n\n\n\n<p class=\"wp-block-paragraph\">La Ruta Valladolid-Cob\u00e1-Tulum tambi\u00e9n se expresa a trav\u00e9s de su comida, su arquitectura y sus formas de habitar. En Valladolid predominan los sabores tradicionales yucatecos; en Tulum aparecen propuestas de cocina de origen, fusi\u00f3n y consumo local; en Francisco Uh May se observa una creciente relaci\u00f3n entre dise\u00f1o, arte, naturaleza y arquitectura integrada al entorno.&nbsp;<\/p>\n\n\n\n<p class=\"wp-block-paragraph\">Este fen\u00f3meno muestra c\u00f3mo el crecimiento regional est\u00e1 llevando a nuevas preguntas sobre movilidad, planeaci\u00f3n urbana, sustentabilidad y calidad de vida. El reto est\u00e1 en lograr que el desarrollo respete el territorio, fortalezca a las comunidades y conserve aquello que vuelve especial a la regi\u00f3n.&nbsp;<\/p>\n\n\n\n<h5 class=\"wp-block-heading\"><strong>Preguntas frecuentes sobre la Ruta Valladolid-Cob\u00e1-Tulum<\/strong>&nbsp;<\/h5>\n\n\n\n<h6 class=\"wp-block-heading\"><strong>\u00bfPor qu\u00e9 es importante la Ruta Valladolid-Cob\u00e1-Tulum?<\/strong>&nbsp;<\/h6>\n\n\n\n<p class=\"wp-block-paragraph\">Es importante porque conecta patrimonio maya, selva, cenotes, comunidades, gastronom\u00eda y ecosistemas costeros en una misma franja territorial. Permite entender el sureste mexicano desde una perspectiva cultural, ambiental y tur\u00edstica.&nbsp;<\/p>\n\n\n\n<h6 class=\"wp-block-heading\"><strong>\u00bfQu\u00e9 tipo de turismo se puede hacer en esta ruta?<\/strong>&nbsp;<\/h6>\n\n\n\n<p class=\"wp-block-paragraph\">Se puede realizar turismo cultural, arqueol\u00f3gico, gastron\u00f3mico, de naturaleza, aviturismo, astroturismo, turismo rural y experiencias relacionadas con meliponicultura y medicina tradicional maya.&nbsp;<\/p>\n\n\n\n<h6 class=\"wp-block-heading\"><strong>\u00bfQu\u00e9 diferencia a Cob\u00e1 de otras zonas arqueol\u00f3gicas?<\/strong>&nbsp;<\/h6>\n\n\n\n<p class=\"wp-block-paragraph\">Cob\u00e1 destaca por su integraci\u00f3n con la selva, su gran extensi\u00f3n territorial, sus lagunas y su red de sacbeob o caminos blancos mayas. Su recorrido se siente m\u00e1s inmersivo y natural que el de otros sitios arqueol\u00f3gicos m\u00e1s despejados.&nbsp;<\/p>\n\n\n\n<h6 class=\"wp-block-heading\"><strong>\u00bfQu\u00e9 relaci\u00f3n tiene esta ruta con la sustentabilidad?<\/strong>&nbsp;<\/h6>\n\n\n\n<p class=\"wp-block-paragraph\">La ruta muestra modelos de conservaci\u00f3n comunitaria, turismo de bajo impacto, cuidado de abejas nativas, protecci\u00f3n de fauna y valoraci\u00f3n de saberes locales. Su potencial depende del equilibrio entre visita, conservaci\u00f3n y respeto al entorno.&nbsp;<\/p>\n\n\n\n<h6 class=\"wp-block-heading\"><strong>\u00bfQu\u00e9 papel tiene la cultura maya en esta zona?<\/strong>&nbsp;<\/h6>\n\n\n\n<p class=\"wp-block-paragraph\">La cultura maya est\u00e1 presente en la arquitectura, la gastronom\u00eda, la lengua, la medicina tradicional, la meliponicultura, la cosmovisi\u00f3n, los caminos antiguos y las comunidades que mantienen vivo el v\u00ednculo con el territorio.&nbsp;<\/p>\n\n\n\n<h5 class=\"wp-block-heading\"><strong>Cierre<\/strong>&nbsp;<\/h5>\n\n\n\n<p class=\"wp-block-paragraph\">La Ruta Valladolid-Cob\u00e1-Tulum es una forma de leer el sureste mexicano con m\u00e1s atenci\u00f3n. En ella conviven ciudades antiguas, selva, agua, cocina, cielo, comunidad y memoria. Su valor est\u00e1 en recordarnos que el turismo puede ser algo m\u00e1s que moverse de un punto a otro: tambi\u00e9n puede ser una manera de comprender c\u00f3mo se relacionan las personas con el paisaje, la historia y la vida cotidiana.&nbsp;<\/p>\n\n\n\n<p class=\"wp-block-paragraph\">Mirar esta ruta desde el turismo biocultural permite apreciar que el patrimonio maya sigue presente en pr\u00e1cticas, sabores, caminos, relatos y ecosistemas. Viajar por ella con respeto ayuda a conservar su riqueza y a reconocer que el verdadero atractivo del territorio est\u00e1 en su equilibrio.&nbsp;<\/p>\n","protected":false},"excerpt":{"rendered":"<p>Viajar por la Ruta Valladolid-Cob\u00e1-Tulum es mucho m\u00e1s que trasladarse entre una ciudad colonial, una zona arqueol\u00f3gica y una playa famosa. Ese trayecto, que a simple vista podr\u00eda parecer otro camino tur\u00edstico del sureste mexicano, cruza una franja donde conviven selva, cenotes, lagunas, saberes mayas, gastronom\u00eda regional, arquitectura ancestral, comunidades rurales y nuevas formas de [&hellip;]<\/p>\n","protected":false},"author":1,"featured_media":79334,"comment_status":"open","ping_status":"closed","sticky":false,"template":"","format":"standard","meta":{"footnotes":""},"categories":[2],"tags":[498,283,494,85,496,229],"class_list":["post-79329","post","type-post","status-publish","format-standard","has-post-thumbnail","hentry","category-sustentabilidad","tag-coba","tag-quintana-roo","tag-ruta-valladolid-coba-tulum","tag-tulum","tag-valladolid","tag-yucatan"],"yoast_head":"<!-- This site is optimized with the Yoast SEO plugin v27.2 - https:\/\/yoast.com\/product\/yoast-seo-wordpress\/ -->\n<title>Ruta Valladolid-Cob\u00e1-Tulum: patrimonio maya, naturaleza y turismo biocultural\u00a0 - Noticias y Recursos<\/title>\n<meta name=\"robots\" content=\"noindex, follow, max-snippet:-1, max-image-preview:large, max-video-preview:-1\" \/>\n<meta property=\"og:locale\" content=\"es_ES\" \/>\n<meta property=\"og:type\" content=\"article\" \/>\n<meta property=\"og:title\" content=\"Ruta Valladolid-Cob\u00e1-Tulum: patrimonio maya, naturaleza y turismo biocultural\u00a0 - Noticias y Recursos\" \/>\n<meta property=\"og:description\" content=\"Viajar por la Ruta Valladolid-Cob\u00e1-Tulum es mucho m\u00e1s que trasladarse entre una ciudad colonial, una zona arqueol\u00f3gica y una playa famosa. Ese trayecto, que a simple vista podr\u00eda parecer otro camino tur\u00edstico del sureste mexicano, cruza una franja donde conviven selva, cenotes, lagunas, saberes mayas, gastronom\u00eda regional, arquitectura ancestral, comunidades rurales y nuevas formas de [&hellip;]\" \/>\n<meta property=\"og:url\" content=\"https:\/\/grupolibera.mx\/noticiasyrecursos\/ruta-valladolid-coba-tulum\/\" \/>\n<meta property=\"og:site_name\" content=\"Noticias y Recursos\" \/>\n<meta property=\"article:publisher\" content=\"https:\/\/www.facebook.com\/grupoliberamx\" \/>\n<meta property=\"article:published_time\" content=\"2026-09-04T15:00:00+00:00\" \/>\n<meta property=\"og:image\" content=\"https:\/\/grupolibera.mx\/noticiasyrecursos\/wp-content\/uploads\/2026\/07\/pexels-maria-regina-diaz-295717408-31360187-scaled.jpg\" \/>\n\t<meta property=\"og:image:width\" content=\"2560\" \/>\n\t<meta property=\"og:image:height\" content=\"1440\" \/>\n\t<meta property=\"og:image:type\" content=\"image\/jpeg\" \/>\n<meta name=\"author\" content=\"admin\" \/>\n<meta name=\"twitter:card\" content=\"summary_large_image\" \/>\n<meta name=\"twitter:label1\" content=\"Escrito por\" \/>\n\t<meta name=\"twitter:data1\" content=\"admin\" \/>\n\t<meta name=\"twitter:label2\" content=\"Tiempo de lectura\" \/>\n\t<meta name=\"twitter:data2\" content=\"9 minutos\" \/>\n<script type=\"application\/ld+json\" class=\"yoast-schema-graph\">{\"@context\":\"https:\/\/schema.org\",\"@graph\":[{\"@type\":\"Article\",\"@id\":\"https:\/\/grupolibera.mx\/noticiasyrecursos\/ruta-valladolid-coba-tulum\/#article\",\"isPartOf\":{\"@id\":\"https:\/\/grupolibera.mx\/noticiasyrecursos\/ruta-valladolid-coba-tulum\/\"},\"author\":{\"name\":\"admin\",\"@id\":\"https:\/\/grupolibera.mx\/noticiasyrecursos\/#\/schema\/person\/31cf528cd77c39e485d58201c442ac65\"},\"headline\":\"Ruta Valladolid-Cob\u00e1-Tulum: patrimonio maya, naturaleza y turismo biocultural\u00a0\",\"datePublished\":\"2026-09-04T15:00:00+00:00\",\"mainEntityOfPage\":{\"@id\":\"https:\/\/grupolibera.mx\/noticiasyrecursos\/ruta-valladolid-coba-tulum\/\"},\"wordCount\":1922,\"commentCount\":0,\"publisher\":{\"@id\":\"https:\/\/grupolibera.mx\/noticiasyrecursos\/#organization\"},\"image\":{\"@id\":\"https:\/\/grupolibera.mx\/noticiasyrecursos\/ruta-valladolid-coba-tulum\/#primaryimage\"},\"thumbnailUrl\":\"https:\/\/grupolibera.mx\/noticiasyrecursos\/wp-content\/uploads\/2026\/07\/pexels-maria-regina-diaz-295717408-31360187-scaled.jpg\",\"keywords\":[\"Cob\u00e1\",\"Quintana Roo\",\"Ruta Valladolid-Cob\u00e1-Tulum\",\"Tulum\",\"Valladolid\",\"Yucat\u00e1n\"],\"articleSection\":[\"Sustentabilidad\"],\"inLanguage\":\"es\",\"potentialAction\":[{\"@type\":\"CommentAction\",\"name\":\"Comment\",\"target\":[\"https:\/\/grupolibera.mx\/noticiasyrecursos\/ruta-valladolid-coba-tulum\/#respond\"]}]},{\"@type\":\"WebPage\",\"@id\":\"https:\/\/grupolibera.mx\/noticiasyrecursos\/ruta-valladolid-coba-tulum\/\",\"url\":\"https:\/\/grupolibera.mx\/noticiasyrecursos\/ruta-valladolid-coba-tulum\/\",\"name\":\"Ruta Valladolid-Cob\u00e1-Tulum: patrimonio maya, naturaleza y turismo biocultural\u00a0 - Noticias y Recursos\",\"isPartOf\":{\"@id\":\"https:\/\/grupolibera.mx\/noticiasyrecursos\/#website\"},\"primaryImageOfPage\":{\"@id\":\"https:\/\/grupolibera.mx\/noticiasyrecursos\/ruta-valladolid-coba-tulum\/#primaryimage\"},\"image\":{\"@id\":\"https:\/\/grupolibera.mx\/noticiasyrecursos\/ruta-valladolid-coba-tulum\/#primaryimage\"},\"thumbnailUrl\":\"https:\/\/grupolibera.mx\/noticiasyrecursos\/wp-content\/uploads\/2026\/07\/pexels-maria-regina-diaz-295717408-31360187-scaled.jpg\",\"datePublished\":\"2026-09-04T15:00:00+00:00\",\"breadcrumb\":{\"@id\":\"https:\/\/grupolibera.mx\/noticiasyrecursos\/ruta-valladolid-coba-tulum\/#breadcrumb\"},\"inLanguage\":\"es\",\"potentialAction\":[{\"@type\":\"ReadAction\",\"target\":[\"https:\/\/grupolibera.mx\/noticiasyrecursos\/ruta-valladolid-coba-tulum\/\"]}]},{\"@type\":\"ImageObject\",\"inLanguage\":\"es\",\"@id\":\"https:\/\/grupolibera.mx\/noticiasyrecursos\/ruta-valladolid-coba-tulum\/#primaryimage\",\"url\":\"https:\/\/grupolibera.mx\/noticiasyrecursos\/wp-content\/uploads\/2026\/07\/pexels-maria-regina-diaz-295717408-31360187-scaled.jpg\",\"contentUrl\":\"https:\/\/grupolibera.mx\/noticiasyrecursos\/wp-content\/uploads\/2026\/07\/pexels-maria-regina-diaz-295717408-31360187-scaled.jpg\",\"width\":2560,\"height\":1440,\"caption\":\"Ruta Valladolid-Cob\u00e1-Tulum\"},{\"@type\":\"BreadcrumbList\",\"@id\":\"https:\/\/grupolibera.mx\/noticiasyrecursos\/ruta-valladolid-coba-tulum\/#breadcrumb\",\"itemListElement\":[{\"@type\":\"ListItem\",\"position\":1,\"name\":\"Portada\",\"item\":\"https:\/\/grupolibera.mx\/noticiasyrecursos\/\"},{\"@type\":\"ListItem\",\"position\":2,\"name\":\"Ruta Valladolid-Cob\u00e1-Tulum: patrimonio maya, naturaleza y turismo biocultural\u00a0\"}]},{\"@type\":\"WebSite\",\"@id\":\"https:\/\/grupolibera.mx\/noticiasyrecursos\/#website\",\"url\":\"https:\/\/grupolibera.mx\/noticiasyrecursos\/\",\"name\":\"Grupo Libera\",\"description\":\"\",\"publisher\":{\"@id\":\"https:\/\/grupolibera.mx\/noticiasyrecursos\/#organization\"},\"potentialAction\":[{\"@type\":\"SearchAction\",\"target\":{\"@type\":\"EntryPoint\",\"urlTemplate\":\"https:\/\/grupolibera.mx\/noticiasyrecursos\/?s={search_term_string}\"},\"query-input\":{\"@type\":\"PropertyValueSpecification\",\"valueRequired\":true,\"valueName\":\"search_term_string\"}}],\"inLanguage\":\"es\"},{\"@type\":\"Organization\",\"@id\":\"https:\/\/grupolibera.mx\/noticiasyrecursos\/#organization\",\"name\":\"Grupo Libera\",\"url\":\"https:\/\/grupolibera.mx\/noticiasyrecursos\/\",\"logo\":{\"@type\":\"ImageObject\",\"inLanguage\":\"es\",\"@id\":\"https:\/\/grupolibera.mx\/noticiasyrecursos\/#\/schema\/logo\/image\/\",\"url\":\"https:\/\/grupolibera.mx\/noticiasyrecursos\/wp-content\/uploads\/2023\/12\/Grupo-Libera-Logotipo.png\",\"contentUrl\":\"https:\/\/grupolibera.mx\/noticiasyrecursos\/wp-content\/uploads\/2023\/12\/Grupo-Libera-Logotipo.png\",\"width\":2251,\"height\":2251,\"caption\":\"Grupo Libera\"},\"image\":{\"@id\":\"https:\/\/grupolibera.mx\/noticiasyrecursos\/#\/schema\/logo\/image\/\"},\"sameAs\":[\"https:\/\/www.facebook.com\/grupoliberamx\",\"https:\/\/linkedin.com\/company\/grupo-libera\",\"https:\/\/www.instagram.com\/grupoliberamx\"]},{\"@type\":\"Person\",\"@id\":\"https:\/\/grupolibera.mx\/noticiasyrecursos\/#\/schema\/person\/31cf528cd77c39e485d58201c442ac65\",\"name\":\"admin\",\"image\":{\"@type\":\"ImageObject\",\"inLanguage\":\"es\",\"@id\":\"https:\/\/secure.gravatar.com\/avatar\/4f1081c172d6485186196d172dca5aa5da756fb993e658540b162fa0cfc213a4?s=96&d=mm&r=g\",\"url\":\"https:\/\/secure.gravatar.com\/avatar\/4f1081c172d6485186196d172dca5aa5da756fb993e658540b162fa0cfc213a4?s=96&d=mm&r=g\",\"contentUrl\":\"https:\/\/secure.gravatar.com\/avatar\/4f1081c172d6485186196d172dca5aa5da756fb993e658540b162fa0cfc213a4?s=96&d=mm&r=g\",\"caption\":\"admin\"},\"sameAs\":[\"https:\/\/grupolibera.mx\/noticiasyrecursos\"],\"url\":\"https:\/\/grupolibera.mx\/noticiasyrecursos\/author\/admin\/\"}]}<\/script>\n<!-- \/ Yoast SEO plugin. -->","yoast_head_json":{"title":"Ruta Valladolid-Cob\u00e1-Tulum: patrimonio maya, naturaleza y turismo biocultural\u00a0 - Noticias y Recursos","robots":{"index":"noindex","follow":"follow","max-snippet":"max-snippet:-1","max-image-preview":"max-image-preview:large","max-video-preview":"max-video-preview:-1"},"og_locale":"es_ES","og_type":"article","og_title":"Ruta Valladolid-Cob\u00e1-Tulum: patrimonio maya, naturaleza y turismo biocultural\u00a0 - Noticias y Recursos","og_description":"Viajar por la Ruta Valladolid-Cob\u00e1-Tulum es mucho m\u00e1s que trasladarse entre una ciudad colonial, una zona arqueol\u00f3gica y una playa famosa. Ese trayecto, que a simple vista podr\u00eda parecer otro camino tur\u00edstico del sureste mexicano, cruza una franja donde conviven selva, cenotes, lagunas, saberes mayas, gastronom\u00eda regional, arquitectura ancestral, comunidades rurales y nuevas formas de [&hellip;]","og_url":"https:\/\/grupolibera.mx\/noticiasyrecursos\/ruta-valladolid-coba-tulum\/","og_site_name":"Noticias y Recursos","article_publisher":"https:\/\/www.facebook.com\/grupoliberamx","article_published_time":"2026-09-04T15:00:00+00:00","og_image":[{"width":2560,"height":1440,"url":"https:\/\/grupolibera.mx\/noticiasyrecursos\/wp-content\/uploads\/2026\/07\/pexels-maria-regina-diaz-295717408-31360187-scaled.jpg","type":"image\/jpeg"}],"author":"admin","twitter_card":"summary_large_image","twitter_misc":{"Escrito por":"admin","Tiempo de lectura":"9 minutos"},"schema":{"@context":"https:\/\/schema.org","@graph":[{"@type":"Article","@id":"https:\/\/grupolibera.mx\/noticiasyrecursos\/ruta-valladolid-coba-tulum\/#article","isPartOf":{"@id":"https:\/\/grupolibera.mx\/noticiasyrecursos\/ruta-valladolid-coba-tulum\/"},"author":{"name":"admin","@id":"https:\/\/grupolibera.mx\/noticiasyrecursos\/#\/schema\/person\/31cf528cd77c39e485d58201c442ac65"},"headline":"Ruta Valladolid-Cob\u00e1-Tulum: patrimonio maya, naturaleza y turismo biocultural\u00a0","datePublished":"2026-09-04T15:00:00+00:00","mainEntityOfPage":{"@id":"https:\/\/grupolibera.mx\/noticiasyrecursos\/ruta-valladolid-coba-tulum\/"},"wordCount":1922,"commentCount":0,"publisher":{"@id":"https:\/\/grupolibera.mx\/noticiasyrecursos\/#organization"},"image":{"@id":"https:\/\/grupolibera.mx\/noticiasyrecursos\/ruta-valladolid-coba-tulum\/#primaryimage"},"thumbnailUrl":"https:\/\/grupolibera.mx\/noticiasyrecursos\/wp-content\/uploads\/2026\/07\/pexels-maria-regina-diaz-295717408-31360187-scaled.jpg","keywords":["Cob\u00e1","Quintana Roo","Ruta Valladolid-Cob\u00e1-Tulum","Tulum","Valladolid","Yucat\u00e1n"],"articleSection":["Sustentabilidad"],"inLanguage":"es","potentialAction":[{"@type":"CommentAction","name":"Comment","target":["https:\/\/grupolibera.mx\/noticiasyrecursos\/ruta-valladolid-coba-tulum\/#respond"]}]},{"@type":"WebPage","@id":"https:\/\/grupolibera.mx\/noticiasyrecursos\/ruta-valladolid-coba-tulum\/","url":"https:\/\/grupolibera.mx\/noticiasyrecursos\/ruta-valladolid-coba-tulum\/","name":"Ruta Valladolid-Cob\u00e1-Tulum: patrimonio maya, naturaleza y turismo biocultural\u00a0 - Noticias y Recursos","isPartOf":{"@id":"https:\/\/grupolibera.mx\/noticiasyrecursos\/#website"},"primaryImageOfPage":{"@id":"https:\/\/grupolibera.mx\/noticiasyrecursos\/ruta-valladolid-coba-tulum\/#primaryimage"},"image":{"@id":"https:\/\/grupolibera.mx\/noticiasyrecursos\/ruta-valladolid-coba-tulum\/#primaryimage"},"thumbnailUrl":"https:\/\/grupolibera.mx\/noticiasyrecursos\/wp-content\/uploads\/2026\/07\/pexels-maria-regina-diaz-295717408-31360187-scaled.jpg","datePublished":"2026-09-04T15:00:00+00:00","breadcrumb":{"@id":"https:\/\/grupolibera.mx\/noticiasyrecursos\/ruta-valladolid-coba-tulum\/#breadcrumb"},"inLanguage":"es","potentialAction":[{"@type":"ReadAction","target":["https:\/\/grupolibera.mx\/noticiasyrecursos\/ruta-valladolid-coba-tulum\/"]}]},{"@type":"ImageObject","inLanguage":"es","@id":"https:\/\/grupolibera.mx\/noticiasyrecursos\/ruta-valladolid-coba-tulum\/#primaryimage","url":"https:\/\/grupolibera.mx\/noticiasyrecursos\/wp-content\/uploads\/2026\/07\/pexels-maria-regina-diaz-295717408-31360187-scaled.jpg","contentUrl":"https:\/\/grupolibera.mx\/noticiasyrecursos\/wp-content\/uploads\/2026\/07\/pexels-maria-regina-diaz-295717408-31360187-scaled.jpg","width":2560,"height":1440,"caption":"Ruta Valladolid-Cob\u00e1-Tulum"},{"@type":"BreadcrumbList","@id":"https:\/\/grupolibera.mx\/noticiasyrecursos\/ruta-valladolid-coba-tulum\/#breadcrumb","itemListElement":[{"@type":"ListItem","position":1,"name":"Portada","item":"https:\/\/grupolibera.mx\/noticiasyrecursos\/"},{"@type":"ListItem","position":2,"name":"Ruta Valladolid-Cob\u00e1-Tulum: patrimonio maya, naturaleza y turismo biocultural\u00a0"}]},{"@type":"WebSite","@id":"https:\/\/grupolibera.mx\/noticiasyrecursos\/#website","url":"https:\/\/grupolibera.mx\/noticiasyrecursos\/","name":"Grupo Libera","description":"","publisher":{"@id":"https:\/\/grupolibera.mx\/noticiasyrecursos\/#organization"},"potentialAction":[{"@type":"SearchAction","target":{"@type":"EntryPoint","urlTemplate":"https:\/\/grupolibera.mx\/noticiasyrecursos\/?s={search_term_string}"},"query-input":{"@type":"PropertyValueSpecification","valueRequired":true,"valueName":"search_term_string"}}],"inLanguage":"es"},{"@type":"Organization","@id":"https:\/\/grupolibera.mx\/noticiasyrecursos\/#organization","name":"Grupo Libera","url":"https:\/\/grupolibera.mx\/noticiasyrecursos\/","logo":{"@type":"ImageObject","inLanguage":"es","@id":"https:\/\/grupolibera.mx\/noticiasyrecursos\/#\/schema\/logo\/image\/","url":"https:\/\/grupolibera.mx\/noticiasyrecursos\/wp-content\/uploads\/2023\/12\/Grupo-Libera-Logotipo.png","contentUrl":"https:\/\/grupolibera.mx\/noticiasyrecursos\/wp-content\/uploads\/2023\/12\/Grupo-Libera-Logotipo.png","width":2251,"height":2251,"caption":"Grupo Libera"},"image":{"@id":"https:\/\/grupolibera.mx\/noticiasyrecursos\/#\/schema\/logo\/image\/"},"sameAs":["https:\/\/www.facebook.com\/grupoliberamx","https:\/\/linkedin.com\/company\/grupo-libera","https:\/\/www.instagram.com\/grupoliberamx"]},{"@type":"Person","@id":"https:\/\/grupolibera.mx\/noticiasyrecursos\/#\/schema\/person\/31cf528cd77c39e485d58201c442ac65","name":"admin","image":{"@type":"ImageObject","inLanguage":"es","@id":"https:\/\/secure.gravatar.com\/avatar\/4f1081c172d6485186196d172dca5aa5da756fb993e658540b162fa0cfc213a4?s=96&d=mm&r=g","url":"https:\/\/secure.gravatar.com\/avatar\/4f1081c172d6485186196d172dca5aa5da756fb993e658540b162fa0cfc213a4?s=96&d=mm&r=g","contentUrl":"https:\/\/secure.gravatar.com\/avatar\/4f1081c172d6485186196d172dca5aa5da756fb993e658540b162fa0cfc213a4?s=96&d=mm&r=g","caption":"admin"},"sameAs":["https:\/\/grupolibera.mx\/noticiasyrecursos"],"url":"https:\/\/grupolibera.mx\/noticiasyrecursos\/author\/admin\/"}]}},"_links":{"self":[{"href":"https:\/\/grupolibera.mx\/noticiasyrecursos\/wp-json\/wp\/v2\/posts\/79329","targetHints":{"allow":["GET"]}}],"collection":[{"href":"https:\/\/grupolibera.mx\/noticiasyrecursos\/wp-json\/wp\/v2\/posts"}],"about":[{"href":"https:\/\/grupolibera.mx\/noticiasyrecursos\/wp-json\/wp\/v2\/types\/post"}],"author":[{"embeddable":true,"href":"https:\/\/grupolibera.mx\/noticiasyrecursos\/wp-json\/wp\/v2\/users\/1"}],"replies":[{"embeddable":true,"href":"https:\/\/grupolibera.mx\/noticiasyrecursos\/wp-json\/wp\/v2\/comments?post=79329"}],"version-history":[{"count":2,"href":"https:\/\/grupolibera.mx\/noticiasyrecursos\/wp-json\/wp\/v2\/posts\/79329\/revisions"}],"predecessor-version":[{"id":79336,"href":"https:\/\/grupolibera.mx\/noticiasyrecursos\/wp-json\/wp\/v2\/posts\/79329\/revisions\/79336"}],"wp:featuredmedia":[{"embeddable":true,"href":"https:\/\/grupolibera.mx\/noticiasyrecursos\/wp-json\/wp\/v2\/media\/79334"}],"wp:attachment":[{"href":"https:\/\/grupolibera.mx\/noticiasyrecursos\/wp-json\/wp\/v2\/media?parent=79329"}],"wp:term":[{"taxonomy":"category","embeddable":true,"href":"https:\/\/grupolibera.mx\/noticiasyrecursos\/wp-json\/wp\/v2\/categories?post=79329"},{"taxonomy":"post_tag","embeddable":true,"href":"https:\/\/grupolibera.mx\/noticiasyrecursos\/wp-json\/wp\/v2\/tags?post=79329"}],"curies":[{"name":"wp","href":"https:\/\/api.w.org\/{rel}","templated":true}]}}